{"id":15391,"date":"2026-04-30T16:30:30","date_gmt":"2026-04-30T14:30:30","guid":{"rendered":"https:\/\/domaine-la-parpaille.com\/?post_type=news&#038;p=15391"},"modified":"2026-04-30T16:30:30","modified_gmt":"2026-04-30T14:30:30","slug":"rezept-les-zezettes-de-sete","status":"publish","type":"news","link":"https:\/\/domaine-la-parpaille.com\/de\/nachricht\/rezept-les-zezettes-de-sete\/","title":{"rendered":"Rezept ~ S\u00e8tes Z\u00e9zettes \u2600\ufe0f"},"content":{"rendered":"<p><strong>Die Zezettes von S\u00e8te<\/strong><\/p>\n<p>Es handelt sich um eine Spezialit\u00e4t aus S\u00e8te, die 1997 von Gaston Bentata in seinem Restaurant kreiert wurde.\u00a0<strong>handwerkliche und familiengef\u00fchrte Keksfabrik\u00a0<\/strong><a href=\"https:\/\/www.herault-tourisme.com\/fr\/fiche\/producteurs-du-terroir\/zezette-la-belle-epoque-frontignan_TFODEGLAR034FS000BA\/\"><strong>Die Belle \u00c9poque<\/strong><\/a>, mit Sitz in\u00a0<a href=\"https:\/\/www.herault-tourisme.com\/fr\/decouvrir\/villes-et-villages-dans-lherault\/frontignan-frontignan-plage\/\">Frontignan<\/a>.<\/p>\n<p>&nbsp;<\/p>\n<p><strong>Zutaten<\/strong><\/p>\n<p>1 Glas Zucker<\/p>\n<p>1 Glas Erdnuss\u00f6l<\/p>\n<p>1 Glas Ros\u00e9wein (Wei\u00dfwein kann auch verwendet werden)<\/p>\n<p>1 Beutel Vanillezucker<\/p>\n<p>1 Beutel Backpulver<\/p>\n<p>6 bis 7 Gl\u00e4ser Mehl<\/p>\n<p>&nbsp;<\/p>\n<p><strong>Vorbereitung<\/strong><\/p>\n<p>\u00d6l, Wein, Zucker, Vanillezucker und Hefe vermischen.<\/p>\n<p>Das Mehl nach und nach einarbeiten, bis ein glatter Teig entsteht.<\/p>\n<p>Heizen Sie den Backofen auf 180 \u00b0C vor.<\/p>\n<p>Best\u00e4uben Sie Ihre Arbeitsfl\u00e4che mit Mehl und formen Sie daraus etwa 15 cm lange Br\u00f6tchen*. Legen Sie diese auf ein mit Backpapier ausgelegtes Backblech.<\/p>\n<p>Schneide in der Mitte durch<\/p>\n<p>In Zucker w\u00e4lzen und 15 bis 20 Minuten backen.<\/p>\n<p>Genie\u00dfen<\/p>\n<p>&nbsp;<\/p>\n<p>&nbsp;<\/p>\n<p><strong>Die Vorteile von DLP<\/strong><\/p>\n<p>Sie schmecken auch mit Vollkornmehl hervorragend \u2013 aber dann sind es nicht mehr die Z\u00e9zettes von S\u00e8te!<\/p>\n<p>K\u00f6stlich zu einem guten Kaffee oder einem Glas Wei\u00dfwein.<\/p>\n<p>H\u00e4lt sich gut in einer Schachtel \u2013 15 Tage oder l\u00e4nger, wenn man widerstehen kann!<\/p>\n<p>&nbsp;<\/p>\n<p><strong>In unserem Shop erh\u00e4ltlich!<\/strong><\/p>","protected":false},"excerpt":{"rendered":"<p>Cette ann\u00e9e, on r\u00e9 invente notre Boutique&#8230; Encore ! Et parmi d&rsquo;autres nouveaut\u00e9s, des bocaux de biscuits confectionn\u00e9s avec amour dans nos fourneaux ! \ud83c\udf6a On commence avec les iconiques et traditionnelles z\u00e9zettes de S\u00e8te, fabriqu\u00e9es avec du ros\u00e9 d&rsquo;ici et du sucre vanill\u00e9 \u2728<\/p>","protected":false},"author":5,"featured_media":15405,"template":"","tags":[],"categorie_news":[188,78,116,105],"class_list":["post-15391","news","type-news","status-publish","has-post-thumbnail","hentry","categorie_news-a-decouvrir-par-ici","categorie_news-articles","categorie_news-ptit-dej","categorie_news-recette"],"acf":[],"_links":{"self":[{"href":"https:\/\/domaine-la-parpaille.com\/de\/wp-json\/wp\/v2\/news\/15391","targetHints":{"allow":["GET"]}}],"collection":[{"href":"https:\/\/domaine-la-parpaille.com\/de\/wp-json\/wp\/v2\/news"}],"about":[{"href":"https:\/\/domaine-la-parpaille.com\/de\/wp-json\/wp\/v2\/types\/news"}],"author":[{"embeddable":true,"href":"https:\/\/domaine-la-parpaille.com\/de\/wp-json\/wp\/v2\/users\/5"}],"version-history":[{"count":1,"href":"https:\/\/domaine-la-parpaille.com\/de\/wp-json\/wp\/v2\/news\/15391\/revisions"}],"predecessor-version":[{"id":15407,"href":"https:\/\/domaine-la-parpaille.com\/de\/wp-json\/wp\/v2\/news\/15391\/revisions\/15407"}],"wp:featuredmedia":[{"embeddable":true,"href":"https:\/\/domaine-la-parpaille.com\/de\/wp-json\/wp\/v2\/media\/15405"}],"wp:attachment":[{"href":"https:\/\/domaine-la-parpaille.com\/de\/wp-json\/wp\/v2\/media?parent=15391"}],"wp:term":[{"taxonomy":"post_tag","embeddable":true,"href":"https:\/\/domaine-la-parpaille.com\/de\/wp-json\/wp\/v2\/tags?post=15391"},{"taxonomy":"categorie_news","embeddable":true,"href":"https:\/\/domaine-la-parpaille.com\/de\/wp-json\/wp\/v2\/categorie_news?post=15391"}],"curies":[{"name":"wp","href":"https:\/\/api.w.org\/{rel}","templated":true}]}}